{"id":1148,"date":"2025-04-01T18:38:58","date_gmt":"2025-04-02T00:38:58","guid":{"rendered":"https:\/\/lacamineraconchelico.com\/?p=1148"},"modified":"2025-04-01T18:59:27","modified_gmt":"2025-04-02T00:59:27","slug":"judas-priest-y-opeth-llegaran-a-la-arena-ciudad-de-mexico-en-2025","status":"publish","type":"post","link":"https:\/\/lacamineraconchelico.com\/?p=1148","title":{"rendered":"Judas Priest y Opeth llegar\u00e1n a la Arena Ciudad de M\u00e9xico en 2025."},"content":{"rendered":"\n<details class=\"wp-block-details is-layout-flow wp-block-details-is-layout-flow\"><summary>Judas Priest y Opeth se presentar\u00e1n en la Arena Ciudad de M\u00e9xico el 4 de mayo de 2025 a las 21:00 hrs. Adquiere tus boletos en Superboletos.com y disfruta de este gran evento de metal.<\/summary><\/details>\n\n\n\n<figure class=\"wp-block-image size-full\"><img loading=\"lazy\" decoding=\"async\" width=\"1024\" height=\"768\" src=\"https:\/\/lacamineraconchelico.com\/wp-content\/uploads\/2025\/04\/484447991_1182084856906909_2635543178623737913_n.jpg\" alt=\"\" class=\"wp-image-1149\" srcset=\"https:\/\/lacamineraconchelico.com\/wp-content\/uploads\/2025\/04\/484447991_1182084856906909_2635543178623737913_n.jpg 1024w, https:\/\/lacamineraconchelico.com\/wp-content\/uploads\/2025\/04\/484447991_1182084856906909_2635543178623737913_n-300x225.jpg 300w, https:\/\/lacamineraconchelico.com\/wp-content\/uploads\/2025\/04\/484447991_1182084856906909_2635543178623737913_n-768x576.jpg 768w\" sizes=\"auto, (max-width: 1024px) 100vw, 1024px\" \/><figcaption class=\"wp-element-caption\"><em>Cortesia: facebook.com\/OfficialJudasPriest<\/em><\/figcaption><\/figure>\n\n\n\n<div class=\"wp-block-columns is-layout-flex wp-container-core-columns-is-layout-8f761849 wp-block-columns-is-layout-flex\">\n<div class=\"wp-block-column is-layout-flow wp-block-column-is-layout-flow\">\n<p class=\"wp-block-paragraph\">Las bandas de metal <strong>Judas Priest<\/strong> y <strong>Opeth<\/strong> regresar\u00e1n a M\u00e9xico en 2025 para presentarse el pr\u00f3ximo <strong>4 de mayo a las 21:00 horas<\/strong> en la <strong>Arena Ciudad de M\u00e9xico<\/strong>. Los boletos ya est\u00e1n disponibles a trav\u00e9s de <strong><a href=\"https:\/\/www.superboletos.com\/landing-evento\/PA1rVe0rcD7y2W3dIoj1uw\">Superboletos.com<\/a><\/strong>.<\/p>\n\n\n\n<p class=\"wp-block-paragraph\"><strong>Judas Priest<\/strong>, una de las agrupaciones brit\u00e1nicas m\u00e1s representativas del heavy metal, se form\u00f3 en <strong>1969<\/strong> y actualmente promociona su <strong>d\u00e9cimo noveno \u00e1lbum de estudio, Invincible Shield<\/strong>. Su legado ha influenciado a numerosas bandas dentro del g\u00e9nero y sigue vigente con su sonido caracter\u00edstico.<\/p>\n\n\n\n<p class=\"wp-block-paragraph\">Por su parte, <strong>Opeth<\/strong>, originario de <strong>Estocolmo, Suecia<\/strong>, se estableci\u00f3 en <strong>1990<\/strong> y ha desarrollado un estilo que fusiona <strong>metal progresivo<\/strong> con elementos de <strong>rock, jazz, blues y guitarras ac\u00fasticas<\/strong>. Su evoluci\u00f3n musical los ha llevado a consolidarse como una referencia dentro del metal contempor\u00e1neo.<\/p>\n\n\n\n<figure class=\"wp-block-image size-large\"><img loading=\"lazy\" decoding=\"async\" width=\"576\" height=\"1024\" src=\"https:\/\/lacamineraconchelico.com\/wp-content\/uploads\/2025\/04\/FBIG-Stories-12-576x1024.jpg\" alt=\"\" class=\"wp-image-1151\" srcset=\"https:\/\/lacamineraconchelico.com\/wp-content\/uploads\/2025\/04\/FBIG-Stories-12-576x1024.jpg 576w, https:\/\/lacamineraconchelico.com\/wp-content\/uploads\/2025\/04\/FBIG-Stories-12-169x300.jpg 169w, https:\/\/lacamineraconchelico.com\/wp-content\/uploads\/2025\/04\/FBIG-Stories-12-768x1365.jpg 768w, https:\/\/lacamineraconchelico.com\/wp-content\/uploads\/2025\/04\/FBIG-Stories-12-864x1536.jpg 864w, https:\/\/lacamineraconchelico.com\/wp-content\/uploads\/2025\/04\/FBIG-Stories-12.jpg 1080w\" sizes=\"auto, (max-width: 576px) 100vw, 576px\" \/><\/figure>\n<\/div>\n\n\n\n<div class=\"wp-block-column is-layout-flow wp-block-column-is-layout-flow\">\n<p class=\"wp-block-paragraph\">Judas Priest fue incluido en el <strong>Rock &amp; Roll Hall of Fame en 2022<\/strong>, reconocimiento que reafirma su impacto dentro de la m\u00fasica. La banda es liderada por el vocalista <strong>Rob Halford<\/strong>, tambi\u00e9n conocido como <strong>El dios del metal<\/strong>, cuya presencia en el escenario ha sido clave en la trayectoria del grupo.<\/p>\n\n\n\n<p class=\"wp-block-paragraph\">El concierto promete ser una oportunidad para que los seguidores de ambas agrupaciones disfruten de un repertorio que abarca varias d\u00e9cadas de historia musical. La combinaci\u00f3n del sonido inconfundible de <strong>Judas Priest<\/strong> y la propuesta progresiva de <strong>Opeth<\/strong> ofrecer\u00e1 una experiencia \u00fanica para los asistentes.<\/p>\n\n\n\n<p class=\"wp-block-paragraph\">Los boletos est\u00e1n disponibles en <strong>Superboletos.com<\/strong>, y se recomienda adquirirlos con anticipaci\u00f3n para asegurar un lugar en este evento.<\/p>\n<\/div>\n<\/div>\n","protected":false},"excerpt":{"rendered":"<p>Judas Priest y Opeth se presentar\u00e1n en la Arena Ciudad de M\u00e9xico el 4 de mayo de 2025 a las 21:00 hrs. Adquiere tus boletos en Superboletos.com y disfruta de este gran evento de metal.<\/p>\n","protected":false},"author":2,"featured_media":1149,"comment_status":"open","ping_status":"open","sticky":false,"template":"","format":"standard","meta":{"_jetpack_newsletter_access":"","_jetpack_dont_email_post_to_subs":false,"_jetpack_newsletter_tier_id":0,"_jetpack_memberships_contains_paywalled_content":false,"_jetpack_feature_clip_id":0,"_jetpack_memberships_contains_paid_content":false,"footnotes":"","jetpack_publicize_message":"","jetpack_publicize_feature_enabled":true,"jetpack_social_post_already_shared":true,"jetpack_social_options":{"image_generator_settings":{"template":"highway","default_image_id":0,"font":"","enabled":false},"version":2},"jetpack_post_was_ever_published":false},"categories":[6,12],"tags":[703,1273,262,1269,1272,919,1268,1266,129,1265,537,1264,1270,1267,1271],"class_list":["post-1148","post","type-post","status-publish","format-standard","has-post-thumbnail","hentry","category-concierto","category-musica","tag-arena-ciudad-de-mexico","tag-boletos-concierto","tag-concierto","tag-estocolmo","tag-eventos-en-mexico","tag-heavy-metal","tag-invincible-shield","tag-judas-priest","tag-metal","tag-metal-progresivo","tag-musica-en-vivo","tag-opeth","tag-rob-halford","tag-rock-roll-hall-of-fame","tag-superboletos"],"yoast_head":"<!-- This site is optimized with the Yoast SEO plugin v28.3 - https:\/\/yoast.com\/product\/yoast-seo-wordpress\/ -->\n<title>Judas Priest y Opeth llegar\u00e1n a la Arena Ciudad de M\u00e9xico en 2025. - La Caminera con Chelico.<\/title>\n<meta name=\"description\" content=\"Judas Priest y Opeth se presentar\u00e1n en la Arena Ciudad de M\u00e9xico el 4 de mayo de 2025 a las 21:00 hrs. Adquiere tus boletos en Superboletos.com y disfruta de este gran evento de metal.\" \/>\n<meta name=\"robots\" content=\"index, follow, max-snippet:-1, max-image-preview:large, max-video-preview:-1\" \/>\n<link rel=\"canonical\" href=\"https:\/\/lacamineraconchelico.com\/?p=1148\" \/>\n<meta property=\"og:locale\" content=\"es_ES\" \/>\n<meta property=\"og:type\" content=\"article\" \/>\n<meta property=\"og:title\" content=\"Judas Priest y Opeth llegar\u00e1n a la Arena Ciudad de M\u00e9xico en 2025.\" \/>\n<meta property=\"og:description\" content=\"Judas Priest y Opeth se presentar\u00e1n en la Arena Ciudad de M\u00e9xico el 4 de mayo de 2025 a las 21:00 hrs. Adquiere tus boletos en Superboletos.com y disfruta de este gran evento de metal.\" \/>\n<meta property=\"og:url\" content=\"https:\/\/lacamineraconchelico.com\/?p=1148\" \/>\n<meta property=\"og:site_name\" content=\"La Caminera con Chelico.\" \/>\n<meta property=\"article:publisher\" content=\"https:\/\/www.facebook.com\/HdezChelico\" \/>\n<meta property=\"article:published_time\" content=\"2025-04-02T00:38:58+00:00\" \/>\n<meta property=\"article:modified_time\" content=\"2025-04-02T00:59:27+00:00\" \/>\n<meta property=\"og:image\" content=\"https:\/\/lacamineraconchelico.com\/wp-content\/uploads\/2025\/04\/484447991_1182084856906909_2635543178623737913_n.jpg\" \/>\n\t<meta property=\"og:image:width\" content=\"1024\" \/>\n\t<meta property=\"og:image:height\" content=\"768\" \/>\n\t<meta property=\"og:image:type\" content=\"image\/jpeg\" \/>\n<meta name=\"author\" content=\"Francisco Balderas Ruiz\" \/>\n<meta name=\"twitter:card\" content=\"summary_large_image\" \/>\n<meta name=\"twitter:title\" content=\"Judas Priest y Opeth llegar\u00e1n a la Arena Ciudad de M\u00e9xico en 2025.\" \/>\n<meta name=\"twitter:description\" content=\"Judas Priest y Opeth se presentar\u00e1n en la Arena Ciudad de M\u00e9xico el 4 de mayo de 2025 a las 21:00 hrs. Adquiere tus boletos en Superboletos.com y disfruta de este gran evento de metal.\" \/>\n<meta name=\"twitter:image\" content=\"https:\/\/lacamineraconchelico.com\/wp-content\/uploads\/2025\/04\/484447991_1182084856906909_2635543178623737913_n.jpg\" \/>\n<meta name=\"twitter:creator\" content=\"@LCChelico\" \/>\n<meta name=\"twitter:site\" content=\"@LCChelico\" \/>\n<meta name=\"twitter:label1\" content=\"Escrito por\" \/>\n\t<meta name=\"twitter:data1\" content=\"Francisco Balderas Ruiz\" \/>\n\t<meta name=\"twitter:label2\" content=\"Tiempo de lectura\" \/>\n\t<meta name=\"twitter:data2\" content=\"2 minutos\" \/>\n<script type=\"application\/ld+json\" class=\"yoast-schema-graph\">{\"@context\":\"https:\\\/\\\/schema.org\",\"@graph\":[{\"@type\":\"Article\",\"@id\":\"https:\\\/\\\/lacamineraconchelico.com\\\/?p=1148#article\",\"isPartOf\":{\"@id\":\"https:\\\/\\\/lacamineraconchelico.com\\\/?p=1148\"},\"author\":{\"name\":\"Francisco Balderas Ruiz\",\"@id\":\"https:\\\/\\\/lacamineraconchelico.com\\\/#\\\/schema\\\/person\\\/59315f8da35d926e7897ef015c007952\"},\"headline\":\"Judas Priest y Opeth llegar\u00e1n a la Arena Ciudad de M\u00e9xico en 2025.\",\"datePublished\":\"2025-04-02T00:38:58+00:00\",\"dateModified\":\"2025-04-02T00:59:27+00:00\",\"mainEntityOfPage\":{\"@id\":\"https:\\\/\\\/lacamineraconchelico.com\\\/?p=1148\"},\"wordCount\":313,\"commentCount\":0,\"publisher\":{\"@id\":\"https:\\\/\\\/lacamineraconchelico.com\\\/#organization\"},\"image\":{\"@id\":\"https:\\\/\\\/lacamineraconchelico.com\\\/?p=1148#primaryimage\"},\"thumbnailUrl\":\"https:\\\/\\\/lacamineraconchelico.com\\\/wp-content\\\/uploads\\\/2025\\\/04\\\/484447991_1182084856906909_2635543178623737913_n.jpg\",\"keywords\":[\"Arena Ciudad de M\u00e9xico\",\"boletos concierto\",\"Concierto\",\"Estocolmo\",\"eventos en M\u00e9xico\",\"heavy metal\",\"Invincible Shield\",\"Judas Priest\",\"Metal\",\"metal progresivo\",\"M\u00fasica en vivo\",\"Opeth\",\"Rob Halford\",\"Rock &amp; Roll Hall of Fame\",\"Superboletos\"],\"articleSection\":[\"Concierto\",\"M\u00fasica\"],\"inLanguage\":\"es\",\"potentialAction\":[{\"@type\":\"CommentAction\",\"name\":\"Comment\",\"target\":[\"https:\\\/\\\/lacamineraconchelico.com\\\/?p=1148#respond\"]}]},{\"@type\":\"WebPage\",\"@id\":\"https:\\\/\\\/lacamineraconchelico.com\\\/?p=1148\",\"url\":\"https:\\\/\\\/lacamineraconchelico.com\\\/?p=1148\",\"name\":\"Judas Priest y Opeth llegar\u00e1n a la Arena Ciudad de M\u00e9xico en 2025. - La Caminera con Chelico.\",\"isPartOf\":{\"@id\":\"https:\\\/\\\/lacamineraconchelico.com\\\/#website\"},\"primaryImageOfPage\":{\"@id\":\"https:\\\/\\\/lacamineraconchelico.com\\\/?p=1148#primaryimage\"},\"image\":{\"@id\":\"https:\\\/\\\/lacamineraconchelico.com\\\/?p=1148#primaryimage\"},\"thumbnailUrl\":\"https:\\\/\\\/lacamineraconchelico.com\\\/wp-content\\\/uploads\\\/2025\\\/04\\\/484447991_1182084856906909_2635543178623737913_n.jpg\",\"datePublished\":\"2025-04-02T00:38:58+00:00\",\"dateModified\":\"2025-04-02T00:59:27+00:00\",\"description\":\"Judas Priest y Opeth se presentar\u00e1n en la Arena Ciudad de M\u00e9xico el 4 de mayo de 2025 a las 21:00 hrs. Adquiere tus boletos en Superboletos.com y disfruta de este gran evento de metal.\",\"breadcrumb\":{\"@id\":\"https:\\\/\\\/lacamineraconchelico.com\\\/?p=1148#breadcrumb\"},\"inLanguage\":\"es\",\"potentialAction\":[{\"@type\":\"ReadAction\",\"target\":[\"https:\\\/\\\/lacamineraconchelico.com\\\/?p=1148\"]}]},{\"@type\":\"ImageObject\",\"inLanguage\":\"es\",\"@id\":\"https:\\\/\\\/lacamineraconchelico.com\\\/?p=1148#primaryimage\",\"url\":\"https:\\\/\\\/lacamineraconchelico.com\\\/wp-content\\\/uploads\\\/2025\\\/04\\\/484447991_1182084856906909_2635543178623737913_n.jpg\",\"contentUrl\":\"https:\\\/\\\/lacamineraconchelico.com\\\/wp-content\\\/uploads\\\/2025\\\/04\\\/484447991_1182084856906909_2635543178623737913_n.jpg\",\"width\":1024,\"height\":768},{\"@type\":\"BreadcrumbList\",\"@id\":\"https:\\\/\\\/lacamineraconchelico.com\\\/?p=1148#breadcrumb\",\"itemListElement\":[{\"@type\":\"ListItem\",\"position\":1,\"name\":\"Portada\",\"item\":\"https:\\\/\\\/lacamineraconchelico.com\\\/\"},{\"@type\":\"ListItem\",\"position\":2,\"name\":\"Judas Priest y Opeth llegar\u00e1n a la Arena Ciudad de M\u00e9xico en 2025.\"}]},{\"@type\":\"WebSite\",\"@id\":\"https:\\\/\\\/lacamineraconchelico.com\\\/#website\",\"url\":\"https:\\\/\\\/lacamineraconchelico.com\\\/\",\"name\":\"La Caminera con Chelico\",\"description\":\"La Caminera con Chelico: un recorrido por la m\u00fasica, las historias del rock y de cultura. Noticias, entrevistas y an\u00e9cdotas con fuerte ol\u00f3r a periodismo.\",\"publisher\":{\"@id\":\"https:\\\/\\\/lacamineraconchelico.com\\\/#organization\"},\"alternateName\":\"La Caminera\",\"potentialAction\":[{\"@type\":\"SearchAction\",\"target\":{\"@type\":\"EntryPoint\",\"urlTemplate\":\"https:\\\/\\\/lacamineraconchelico.com\\\/?s={search_term_string}\"},\"query-input\":{\"@type\":\"PropertyValueSpecification\",\"valueRequired\":true,\"valueName\":\"search_term_string\"}}],\"inLanguage\":\"es\"},{\"@type\":\"Organization\",\"@id\":\"https:\\\/\\\/lacamineraconchelico.com\\\/#organization\",\"name\":\"La Caminera con Chelico.\",\"url\":\"https:\\\/\\\/lacamineraconchelico.com\\\/\",\"logo\":{\"@type\":\"ImageObject\",\"inLanguage\":\"es\",\"@id\":\"https:\\\/\\\/lacamineraconchelico.com\\\/#\\\/schema\\\/logo\\\/image\\\/\",\"url\":\"https:\\\/\\\/lacamineraconchelico.com\\\/wp-content\\\/uploads\\\/2025\\\/01\\\/cropped-227131276_205648751570048_7986119258470169404_n-removebg-preview.png\",\"contentUrl\":\"https:\\\/\\\/lacamineraconchelico.com\\\/wp-content\\\/uploads\\\/2025\\\/01\\\/cropped-227131276_205648751570048_7986119258470169404_n-removebg-preview.png\",\"width\":500,\"height\":294,\"caption\":\"La Caminera con Chelico.\"},\"image\":{\"@id\":\"https:\\\/\\\/lacamineraconchelico.com\\\/#\\\/schema\\\/logo\\\/image\\\/\"},\"sameAs\":[\"https:\\\/\\\/www.facebook.com\\\/HdezChelico\",\"https:\\\/\\\/x.com\\\/LCChelico\",\"https:\\\/\\\/www.instagram.com\\\/lacaminera.conchelico\\\/\",\"https:\\\/\\\/www.threads.net\\\/@lacaminera.conchelico?xmt=AQGzcgza-VAQQFPzcHkxLfAX0hYPyIsv5pRUYeRj1k1yhqw\",\"https:\\\/\\\/www.tiktok.com\\\/@lacamineraconchelico\",\"https:\\\/\\\/www.youtube.com\\\/@lacamineraconchelico\"]},{\"@type\":\"Person\",\"@id\":\"https:\\\/\\\/lacamineraconchelico.com\\\/#\\\/schema\\\/person\\\/59315f8da35d926e7897ef015c007952\",\"name\":\"Francisco Balderas Ruiz\",\"image\":{\"@type\":\"ImageObject\",\"inLanguage\":\"es\",\"@id\":\"https:\\\/\\\/secure.gravatar.com\\\/avatar\\\/51d0fa920f53bdffdfe6f9742086373704971e366f2616cec72351175a0c6d25?s=96&d=mm&r=g\",\"url\":\"https:\\\/\\\/secure.gravatar.com\\\/avatar\\\/51d0fa920f53bdffdfe6f9742086373704971e366f2616cec72351175a0c6d25?s=96&d=mm&r=g\",\"contentUrl\":\"https:\\\/\\\/secure.gravatar.com\\\/avatar\\\/51d0fa920f53bdffdfe6f9742086373704971e366f2616cec72351175a0c6d25?s=96&d=mm&r=g\",\"caption\":\"Francisco Balderas Ruiz\"},\"url\":\"https:\\\/\\\/lacamineraconchelico.com\\\/?author=2\"}]}<\/script>\n<!-- \/ Yoast SEO plugin. -->","yoast_head_json":{"title":"Judas Priest y Opeth llegar\u00e1n a la Arena Ciudad de M\u00e9xico en 2025. - La Caminera con Chelico.","description":"Judas Priest y Opeth se presentar\u00e1n en la Arena Ciudad de M\u00e9xico el 4 de mayo de 2025 a las 21:00 hrs. Adquiere tus boletos en Superboletos.com y disfruta de este gran evento de metal.","robots":{"index":"index","follow":"follow","max-snippet":"max-snippet:-1","max-image-preview":"max-image-preview:large","max-video-preview":"max-video-preview:-1"},"canonical":"https:\/\/lacamineraconchelico.com\/?p=1148","og_locale":"es_ES","og_type":"article","og_title":"Judas Priest y Opeth llegar\u00e1n a la Arena Ciudad de M\u00e9xico en 2025.","og_description":"Judas Priest y Opeth se presentar\u00e1n en la Arena Ciudad de M\u00e9xico el 4 de mayo de 2025 a las 21:00 hrs. Adquiere tus boletos en Superboletos.com y disfruta de este gran evento de metal.","og_url":"https:\/\/lacamineraconchelico.com\/?p=1148","og_site_name":"La Caminera con Chelico.","article_publisher":"https:\/\/www.facebook.com\/HdezChelico","article_published_time":"2025-04-02T00:38:58+00:00","article_modified_time":"2025-04-02T00:59:27+00:00","og_image":[{"width":1024,"height":768,"url":"https:\/\/lacamineraconchelico.com\/wp-content\/uploads\/2025\/04\/484447991_1182084856906909_2635543178623737913_n.jpg","type":"image\/jpeg"}],"author":"Francisco Balderas Ruiz","twitter_card":"summary_large_image","twitter_title":"Judas Priest y Opeth llegar\u00e1n a la Arena Ciudad de M\u00e9xico en 2025.","twitter_description":"Judas Priest y Opeth se presentar\u00e1n en la Arena Ciudad de M\u00e9xico el 4 de mayo de 2025 a las 21:00 hrs. Adquiere tus boletos en Superboletos.com y disfruta de este gran evento de metal.","twitter_image":"https:\/\/lacamineraconchelico.com\/wp-content\/uploads\/2025\/04\/484447991_1182084856906909_2635543178623737913_n.jpg","twitter_creator":"@LCChelico","twitter_site":"@LCChelico","twitter_misc":{"Escrito por":"Francisco Balderas Ruiz","Tiempo de lectura":"2 minutos"},"schema":{"@context":"https:\/\/schema.org","@graph":[{"@type":"Article","@id":"https:\/\/lacamineraconchelico.com\/?p=1148#article","isPartOf":{"@id":"https:\/\/lacamineraconchelico.com\/?p=1148"},"author":{"name":"Francisco Balderas Ruiz","@id":"https:\/\/lacamineraconchelico.com\/#\/schema\/person\/59315f8da35d926e7897ef015c007952"},"headline":"Judas Priest y Opeth llegar\u00e1n a la Arena Ciudad de M\u00e9xico en 2025.","datePublished":"2025-04-02T00:38:58+00:00","dateModified":"2025-04-02T00:59:27+00:00","mainEntityOfPage":{"@id":"https:\/\/lacamineraconchelico.com\/?p=1148"},"wordCount":313,"commentCount":0,"publisher":{"@id":"https:\/\/lacamineraconchelico.com\/#organization"},"image":{"@id":"https:\/\/lacamineraconchelico.com\/?p=1148#primaryimage"},"thumbnailUrl":"https:\/\/lacamineraconchelico.com\/wp-content\/uploads\/2025\/04\/484447991_1182084856906909_2635543178623737913_n.jpg","keywords":["Arena Ciudad de M\u00e9xico","boletos concierto","Concierto","Estocolmo","eventos en M\u00e9xico","heavy metal","Invincible Shield","Judas Priest","Metal","metal progresivo","M\u00fasica en vivo","Opeth","Rob Halford","Rock &amp; Roll Hall of Fame","Superboletos"],"articleSection":["Concierto","M\u00fasica"],"inLanguage":"es","potentialAction":[{"@type":"CommentAction","name":"Comment","target":["https:\/\/lacamineraconchelico.com\/?p=1148#respond"]}]},{"@type":"WebPage","@id":"https:\/\/lacamineraconchelico.com\/?p=1148","url":"https:\/\/lacamineraconchelico.com\/?p=1148","name":"Judas Priest y Opeth llegar\u00e1n a la Arena Ciudad de M\u00e9xico en 2025. - La Caminera con Chelico.","isPartOf":{"@id":"https:\/\/lacamineraconchelico.com\/#website"},"primaryImageOfPage":{"@id":"https:\/\/lacamineraconchelico.com\/?p=1148#primaryimage"},"image":{"@id":"https:\/\/lacamineraconchelico.com\/?p=1148#primaryimage"},"thumbnailUrl":"https:\/\/lacamineraconchelico.com\/wp-content\/uploads\/2025\/04\/484447991_1182084856906909_2635543178623737913_n.jpg","datePublished":"2025-04-02T00:38:58+00:00","dateModified":"2025-04-02T00:59:27+00:00","description":"Judas Priest y Opeth se presentar\u00e1n en la Arena Ciudad de M\u00e9xico el 4 de mayo de 2025 a las 21:00 hrs. Adquiere tus boletos en Superboletos.com y disfruta de este gran evento de metal.","breadcrumb":{"@id":"https:\/\/lacamineraconchelico.com\/?p=1148#breadcrumb"},"inLanguage":"es","potentialAction":[{"@type":"ReadAction","target":["https:\/\/lacamineraconchelico.com\/?p=1148"]}]},{"@type":"ImageObject","inLanguage":"es","@id":"https:\/\/lacamineraconchelico.com\/?p=1148#primaryimage","url":"https:\/\/lacamineraconchelico.com\/wp-content\/uploads\/2025\/04\/484447991_1182084856906909_2635543178623737913_n.jpg","contentUrl":"https:\/\/lacamineraconchelico.com\/wp-content\/uploads\/2025\/04\/484447991_1182084856906909_2635543178623737913_n.jpg","width":1024,"height":768},{"@type":"BreadcrumbList","@id":"https:\/\/lacamineraconchelico.com\/?p=1148#breadcrumb","itemListElement":[{"@type":"ListItem","position":1,"name":"Portada","item":"https:\/\/lacamineraconchelico.com\/"},{"@type":"ListItem","position":2,"name":"Judas Priest y Opeth llegar\u00e1n a la Arena Ciudad de M\u00e9xico en 2025."}]},{"@type":"WebSite","@id":"https:\/\/lacamineraconchelico.com\/#website","url":"https:\/\/lacamineraconchelico.com\/","name":"La Caminera con Chelico","description":"La Caminera con Chelico: un recorrido por la m\u00fasica, las historias del rock y de cultura. Noticias, entrevistas y an\u00e9cdotas con fuerte ol\u00f3r a periodismo.","publisher":{"@id":"https:\/\/lacamineraconchelico.com\/#organization"},"alternateName":"La Caminera","potentialAction":[{"@type":"SearchAction","target":{"@type":"EntryPoint","urlTemplate":"https:\/\/lacamineraconchelico.com\/?s={search_term_string}"},"query-input":{"@type":"PropertyValueSpecification","valueRequired":true,"valueName":"search_term_string"}}],"inLanguage":"es"},{"@type":"Organization","@id":"https:\/\/lacamineraconchelico.com\/#organization","name":"La Caminera con Chelico.","url":"https:\/\/lacamineraconchelico.com\/","logo":{"@type":"ImageObject","inLanguage":"es","@id":"https:\/\/lacamineraconchelico.com\/#\/schema\/logo\/image\/","url":"https:\/\/lacamineraconchelico.com\/wp-content\/uploads\/2025\/01\/cropped-227131276_205648751570048_7986119258470169404_n-removebg-preview.png","contentUrl":"https:\/\/lacamineraconchelico.com\/wp-content\/uploads\/2025\/01\/cropped-227131276_205648751570048_7986119258470169404_n-removebg-preview.png","width":500,"height":294,"caption":"La Caminera con Chelico."},"image":{"@id":"https:\/\/lacamineraconchelico.com\/#\/schema\/logo\/image\/"},"sameAs":["https:\/\/www.facebook.com\/HdezChelico","https:\/\/x.com\/LCChelico","https:\/\/www.instagram.com\/lacaminera.conchelico\/","https:\/\/www.threads.net\/@lacaminera.conchelico?xmt=AQGzcgza-VAQQFPzcHkxLfAX0hYPyIsv5pRUYeRj1k1yhqw","https:\/\/www.tiktok.com\/@lacamineraconchelico","https:\/\/www.youtube.com\/@lacamineraconchelico"]},{"@type":"Person","@id":"https:\/\/lacamineraconchelico.com\/#\/schema\/person\/59315f8da35d926e7897ef015c007952","name":"Francisco Balderas Ruiz","image":{"@type":"ImageObject","inLanguage":"es","@id":"https:\/\/secure.gravatar.com\/avatar\/51d0fa920f53bdffdfe6f9742086373704971e366f2616cec72351175a0c6d25?s=96&d=mm&r=g","url":"https:\/\/secure.gravatar.com\/avatar\/51d0fa920f53bdffdfe6f9742086373704971e366f2616cec72351175a0c6d25?s=96&d=mm&r=g","contentUrl":"https:\/\/secure.gravatar.com\/avatar\/51d0fa920f53bdffdfe6f9742086373704971e366f2616cec72351175a0c6d25?s=96&d=mm&r=g","caption":"Francisco Balderas Ruiz"},"url":"https:\/\/lacamineraconchelico.com\/?author=2"}]}},"jetpack_publicize_connections":[],"jetpack_sharing_enabled":true,"jetpack_likes_enabled":true,"jetpack-related-posts":[{"id":1306,"url":"https:\/\/lacamineraconchelico.com\/?p=1306","url_meta":{"origin":1148,"position":0},"title":"Leyendas vivas del metal estremecen la CDMX.","author":"Francisco Balderas Ruiz","date":"06\/05\/2025","format":false,"excerpt":"Judas Priest y Opeth encendieron la Arena CDMX con el Monsters of Rock: una noche hist\u00f3rica de metal, entrega total y potencia sonora inolvidable.","rel":"","context":"En \u00abConcierto\u00bb","block_context":{"text":"Concierto","link":"https:\/\/lacamineraconchelico.com\/?cat=6"},"img":{"alt_text":"","src":"https:\/\/i0.wp.com\/lacamineraconchelico.com\/wp-content\/uploads\/2025\/05\/Imagen-de-WhatsApp-2025-05-06-a-las-11.55.54_a378ced4-scaled.jpg?resize=350%2C200&ssl=1","width":350,"height":200,"srcset":"https:\/\/i0.wp.com\/lacamineraconchelico.com\/wp-content\/uploads\/2025\/05\/Imagen-de-WhatsApp-2025-05-06-a-las-11.55.54_a378ced4-scaled.jpg?resize=350%2C200&ssl=1 1x, https:\/\/i0.wp.com\/lacamineraconchelico.com\/wp-content\/uploads\/2025\/05\/Imagen-de-WhatsApp-2025-05-06-a-las-11.55.54_a378ced4-scaled.jpg?resize=525%2C300&ssl=1 1.5x, https:\/\/i0.wp.com\/lacamineraconchelico.com\/wp-content\/uploads\/2025\/05\/Imagen-de-WhatsApp-2025-05-06-a-las-11.55.54_a378ced4-scaled.jpg?resize=700%2C400&ssl=1 2x, https:\/\/i0.wp.com\/lacamineraconchelico.com\/wp-content\/uploads\/2025\/05\/Imagen-de-WhatsApp-2025-05-06-a-las-11.55.54_a378ced4-scaled.jpg?resize=1050%2C600&ssl=1 3x, https:\/\/i0.wp.com\/lacamineraconchelico.com\/wp-content\/uploads\/2025\/05\/Imagen-de-WhatsApp-2025-05-06-a-las-11.55.54_a378ced4-scaled.jpg?resize=1400%2C800&ssl=1 4x"},"classes":[]},{"id":1643,"url":"https:\/\/lacamineraconchelico.com\/?p=1643","url_meta":{"origin":1148,"position":1},"title":"Marrano Rosa celebra 50 a\u00f1os de Wish You Were Here en la Arena CDMX.","author":"Francisco Balderas Ruiz","date":"09\/09\/2025","format":false,"excerpt":"Marrano Rosa Wish You Were Here Tour 2025 Arena CDMX llega el 11 de septiembre. Celebra la m\u00fasica de Pink Floyd con nosotros.","rel":"","context":"En \u00abConcierto\u00bb","block_context":{"text":"Concierto","link":"https:\/\/lacamineraconchelico.com\/?cat=6"},"img":{"alt_text":"","src":"https:\/\/i0.wp.com\/lacamineraconchelico.com\/wp-content\/uploads\/2025\/09\/REDES-MARRANO-ROSA-ACDMXPOST-1080x1080-1-edited.jpg?resize=350%2C200&ssl=1","width":350,"height":200,"srcset":"https:\/\/i0.wp.com\/lacamineraconchelico.com\/wp-content\/uploads\/2025\/09\/REDES-MARRANO-ROSA-ACDMXPOST-1080x1080-1-edited.jpg?resize=350%2C200&ssl=1 1x, https:\/\/i0.wp.com\/lacamineraconchelico.com\/wp-content\/uploads\/2025\/09\/REDES-MARRANO-ROSA-ACDMXPOST-1080x1080-1-edited.jpg?resize=525%2C300&ssl=1 1.5x, https:\/\/i0.wp.com\/lacamineraconchelico.com\/wp-content\/uploads\/2025\/09\/REDES-MARRANO-ROSA-ACDMXPOST-1080x1080-1-edited.jpg?resize=700%2C400&ssl=1 2x, https:\/\/i0.wp.com\/lacamineraconchelico.com\/wp-content\/uploads\/2025\/09\/REDES-MARRANO-ROSA-ACDMXPOST-1080x1080-1-edited.jpg?resize=1050%2C600&ssl=1 3x"},"classes":[]},{"id":1758,"url":"https:\/\/lacamineraconchelico.com\/?p=1758","url_meta":{"origin":1148,"position":2},"title":"Helloween har\u00e1 temblar la Arena CDMX con 40 a\u00f1os de power metal.","author":"Francisco Balderas Ruiz","date":"10\/08\/2026","format":false,"excerpt":"Helloween en M\u00e9xico 2026: la banda alemana celebrar\u00e1 40 a\u00f1os de power metal el 29 de agosto en la Arena CDMX. Boletos desde $1,130 y cerca del sold out.","rel":"","context":"En \u00abConcierto\u00bb","block_context":{"text":"Concierto","link":"https:\/\/lacamineraconchelico.com\/?cat=6"},"img":{"alt_text":"","src":"https:\/\/i0.wp.com\/lacamineraconchelico.com\/wp-content\/uploads\/2026\/08\/624518976_1503118781660455_4551974248141358924_n.jpg?resize=350%2C200&ssl=1","width":350,"height":200,"srcset":"https:\/\/i0.wp.com\/lacamineraconchelico.com\/wp-content\/uploads\/2026\/08\/624518976_1503118781660455_4551974248141358924_n.jpg?resize=350%2C200&ssl=1 1x, https:\/\/i0.wp.com\/lacamineraconchelico.com\/wp-content\/uploads\/2026\/08\/624518976_1503118781660455_4551974248141358924_n.jpg?resize=525%2C300&ssl=1 1.5x, https:\/\/i0.wp.com\/lacamineraconchelico.com\/wp-content\/uploads\/2026\/08\/624518976_1503118781660455_4551974248141358924_n.jpg?resize=700%2C400&ssl=1 2x, https:\/\/i0.wp.com\/lacamineraconchelico.com\/wp-content\/uploads\/2026\/08\/624518976_1503118781660455_4551974248141358924_n.jpg?resize=1050%2C600&ssl=1 3x"},"classes":[]},{"id":1456,"url":"https:\/\/lacamineraconchelico.com\/?p=1456","url_meta":{"origin":1148,"position":3},"title":"Revive la m\u00fasica de The Beatles con orquesta sinf\u00f3nica en la Arena CDMX.","author":"Francisco Balderas Ruiz","date":"01\/07\/2025","format":false,"excerpt":"The Beatles Symphonic Fantasy llega a la Arena CDMX el 3 de julio. Concierto sinf\u00f3nico con boletos al 2x1 disponibles en superboletos.com.","rel":"","context":"En \u00abConcierto\u00bb","block_context":{"text":"Concierto","link":"https:\/\/lacamineraconchelico.com\/?cat=6"},"img":{"alt_text":"","src":"https:\/\/i0.wp.com\/lacamineraconchelico.com\/wp-content\/uploads\/2025\/07\/9612.jpg?resize=350%2C200&ssl=1","width":350,"height":200,"srcset":"https:\/\/i0.wp.com\/lacamineraconchelico.com\/wp-content\/uploads\/2025\/07\/9612.jpg?resize=350%2C200&ssl=1 1x, https:\/\/i0.wp.com\/lacamineraconchelico.com\/wp-content\/uploads\/2025\/07\/9612.jpg?resize=525%2C300&ssl=1 1.5x"},"classes":[]},{"id":1328,"url":"https:\/\/lacamineraconchelico.com\/?p=1328","url_meta":{"origin":1148,"position":4},"title":"Treinta a\u00f1os de ska: Inspector va con todo a la Arena Ciudad de M\u00e9xico.","author":"Francisco Balderas Ruiz","date":"27\/05\/2025","format":false,"excerpt":"La banda de ska Inspector festeja tres d\u00e9cadas de historia con un concierto especial en la Arena Ciudad de M\u00e9xico.","rel":"","context":"En \u00abConcierto\u00bb","block_context":{"text":"Concierto","link":"https:\/\/lacamineraconchelico.com\/?cat=6"},"img":{"alt_text":"","src":"https:\/\/i0.wp.com\/lacamineraconchelico.com\/wp-content\/uploads\/2025\/05\/MG_8909.png?resize=350%2C200&ssl=1","width":350,"height":200,"srcset":"https:\/\/i0.wp.com\/lacamineraconchelico.com\/wp-content\/uploads\/2025\/05\/MG_8909.png?resize=350%2C200&ssl=1 1x, https:\/\/i0.wp.com\/lacamineraconchelico.com\/wp-content\/uploads\/2025\/05\/MG_8909.png?resize=525%2C300&ssl=1 1.5x, https:\/\/i0.wp.com\/lacamineraconchelico.com\/wp-content\/uploads\/2025\/05\/MG_8909.png?resize=700%2C400&ssl=1 2x"},"classes":[]},{"id":1753,"url":"https:\/\/lacamineraconchelico.com\/?p=1753","url_meta":{"origin":1148,"position":5},"title":"Lacrimosa regresa a M\u00e9xico para escribir una nueva p\u00e1gina en su historia.","author":"Francisco Balderas Ruiz","date":"07\/08\/2026","format":false,"excerpt":"Lacrimosa regresa a M\u00e9xico con un espect\u00e1culo sinf\u00f3nico \u00fanico el 22 de agosto de 2026 en la Arena Ciudad de M\u00e9xico. Conoce los detalles del concierto, boletos y todo sobre el esperado regreso de Tilo Wolff y Anne Nurmi.","rel":"","context":"En \u00abConcierto\u00bb","block_context":{"text":"Concierto","link":"https:\/\/lacamineraconchelico.com\/?cat=6"},"img":{"alt_text":"","src":"https:\/\/i0.wp.com\/lacamineraconchelico.com\/wp-content\/uploads\/2026\/08\/889316.jpg_1902800913.webp?resize=350%2C200&ssl=1","width":350,"height":200,"srcset":"https:\/\/i0.wp.com\/lacamineraconchelico.com\/wp-content\/uploads\/2026\/08\/889316.jpg_1902800913.webp?resize=350%2C200&ssl=1 1x, https:\/\/i0.wp.com\/lacamineraconchelico.com\/wp-content\/uploads\/2026\/08\/889316.jpg_1902800913.webp?resize=525%2C300&ssl=1 1.5x, https:\/\/i0.wp.com\/lacamineraconchelico.com\/wp-content\/uploads\/2026\/08\/889316.jpg_1902800913.webp?resize=700%2C400&ssl=1 2x, https:\/\/i0.wp.com\/lacamineraconchelico.com\/wp-content\/uploads\/2026\/08\/889316.jpg_1902800913.webp?resize=1050%2C600&ssl=1 3x"},"classes":[]}],"jetpack_featured_media_url":"https:\/\/lacamineraconchelico.com\/wp-content\/uploads\/2025\/04\/484447991_1182084856906909_2635543178623737913_n.jpg","_links":{"self":[{"href":"https:\/\/lacamineraconchelico.com\/index.php?rest_route=\/wp\/v2\/posts\/1148","targetHints":{"allow":["GET"]}}],"collection":[{"href":"https:\/\/lacamineraconchelico.com\/index.php?rest_route=\/wp\/v2\/posts"}],"about":[{"href":"https:\/\/lacamineraconchelico.com\/index.php?rest_route=\/wp\/v2\/types\/post"}],"author":[{"embeddable":true,"href":"https:\/\/lacamineraconchelico.com\/index.php?rest_route=\/wp\/v2\/users\/2"}],"replies":[{"embeddable":true,"href":"https:\/\/lacamineraconchelico.com\/index.php?rest_route=%2Fwp%2Fv2%2Fcomments&post=1148"}],"version-history":[{"count":2,"href":"https:\/\/lacamineraconchelico.com\/index.php?rest_route=\/wp\/v2\/posts\/1148\/revisions"}],"predecessor-version":[{"id":1153,"href":"https:\/\/lacamineraconchelico.com\/index.php?rest_route=\/wp\/v2\/posts\/1148\/revisions\/1153"}],"wp:featuredmedia":[{"embeddable":true,"href":"https:\/\/lacamineraconchelico.com\/index.php?rest_route=\/wp\/v2\/media\/1149"}],"wp:attachment":[{"href":"https:\/\/lacamineraconchelico.com\/index.php?rest_route=%2Fwp%2Fv2%2Fmedia&parent=1148"}],"wp:term":[{"taxonomy":"category","embeddable":true,"href":"https:\/\/lacamineraconchelico.com\/index.php?rest_route=%2Fwp%2Fv2%2Fcategories&post=1148"},{"taxonomy":"post_tag","embeddable":true,"href":"https:\/\/lacamineraconchelico.com\/index.php?rest_route=%2Fwp%2Fv2%2Ftags&post=1148"}],"curies":[{"name":"wp","href":"https:\/\/api.w.org\/{rel}","templated":true}]}}