{"id":1446,"date":"2025-06-24T20:40:48","date_gmt":"2025-06-25T02:40:48","guid":{"rendered":"https:\/\/lacamineraconchelico.com\/?p=1446"},"modified":"2025-06-24T20:40:50","modified_gmt":"2025-06-25T02:40:50","slug":"sin-barreras-el-documental-que-llevo-a-s7n-del-penal-al-cine-mundial","status":"publish","type":"post","link":"https:\/\/lacamineraconchelico.com\/?p=1446","title":{"rendered":"Sin Barreras, el documental que llev\u00f3 a S7N del penal al cine mundial."},"content":{"rendered":"\n<details class=\"wp-block-details is-layout-flow wp-block-details-is-layout-flow\"><summary>La banda mexicana S7N present\u00f3 su documental Sin Barreras, grabado en cinco c\u00e1rceles del pa\u00eds y nominado en World Film Festival de Cannes 2025. Relataron su experiencia emocional y c\u00f3mo la m\u00fasica puede transformar vidas, incluso tras los barrotes.<\/summary>\n<p class=\"wp-block-paragraph\"><\/p>\n<\/details>\n\n\n\n<figure class=\"wp-block-image size-large\"><img loading=\"lazy\" decoding=\"async\" width=\"1024\" height=\"768\" src=\"https:\/\/lacamineraconchelico.com\/wp-content\/uploads\/2025\/06\/Imagen-de-WhatsApp-2025-06-24-a-las-20.09.36_a616ea59-1024x768.jpg\" alt=\"\" class=\"wp-image-1447\" srcset=\"https:\/\/lacamineraconchelico.com\/wp-content\/uploads\/2025\/06\/Imagen-de-WhatsApp-2025-06-24-a-las-20.09.36_a616ea59-1024x768.jpg 1024w, https:\/\/lacamineraconchelico.com\/wp-content\/uploads\/2025\/06\/Imagen-de-WhatsApp-2025-06-24-a-las-20.09.36_a616ea59-300x225.jpg 300w, https:\/\/lacamineraconchelico.com\/wp-content\/uploads\/2025\/06\/Imagen-de-WhatsApp-2025-06-24-a-las-20.09.36_a616ea59-768x576.jpg 768w, https:\/\/lacamineraconchelico.com\/wp-content\/uploads\/2025\/06\/Imagen-de-WhatsApp-2025-06-24-a-las-20.09.36_a616ea59-1536x1152.jpg 1536w, https:\/\/lacamineraconchelico.com\/wp-content\/uploads\/2025\/06\/Imagen-de-WhatsApp-2025-06-24-a-las-20.09.36_a616ea59-2048x1536.jpg 2048w\" sizes=\"auto, (max-width: 1024px) 100vw, 1024px\" \/><\/figure>\n\n\n\n<div class=\"wp-block-columns is-layout-flex wp-container-core-columns-is-layout-8f761849 wp-block-columns-is-layout-flex\">\n<div class=\"wp-block-column is-layout-flow wp-block-column-is-layout-flow\">\n<blockquote class=\"wp-block-quote is-layout-flow wp-block-quote-is-layout-flow\">\n<p class=\"wp-block-paragraph\"><strong>\u201cFue como una monta\u00f1a de angustia emocional\u201d,<\/strong><\/p>\n<\/blockquote>\n\n\n\n<p class=\"wp-block-paragraph\"> as\u00ed resumi\u00f3 la banda mexicana de metal <strong>S7N<\/strong> la experiencia de grabar <em>Sin Barreras<\/em>, un documental filmado dentro de <strong>cinco reclusorios mexicanos<\/strong>, ahora <strong>nominado al World Film Festival de Cannes 2025<\/strong>. El proyecto, dirigido por <strong>Luisa Melo<\/strong> y <strong>Gonzalo Figueroa<\/strong>, se present\u00f3 en conferencia de prensa y toc\u00f3 fibras profundas en los asistentes.<\/p>\n\n\n\n<p class=\"wp-block-paragraph\">Durante el encuentro, los integrantes de la banda compartieron c\u00f3mo fue vivir esa traves\u00eda. <\/p>\n\n\n\n<blockquote class=\"wp-block-quote is-layout-flow wp-block-quote-is-layout-flow\">\n<p class=\"wp-block-paragraph\">\u201c<strong>Te drena la energ\u00eda de una forma impresionante<\/strong>, lo hicimos con cari\u00f1o, pero fue muy desgastante. Lo volver\u00eda a hacer, pero no fue f\u00e1cil\u201d, <\/p>\n<cite>admiti\u00f3 uno de ellos.<\/cite><\/blockquote>\n\n\n\n<p class=\"wp-block-paragraph\">El documental muestra la potencia del metal como canal emocional. La canci\u00f3n <strong>Innocent Guilty<\/strong> cobr\u00f3 otro sentido dentro de los penales: \u201cEst\u00e1bamos tocando y ver al reclusorio entero haciendo slam fue surreal&#8230; la canci\u00f3n habla de alguien inocente, y estar ah\u00ed adentro con ellos fue brutal\u201d.<\/p>\n\n\n\n<p class=\"wp-block-paragraph\"><strong>M\u00e1s que un documental, una ventana<\/strong><\/p>\n\n\n\n<p class=\"wp-block-paragraph\">S7N subray\u00f3 que el proyecto abri\u00f3 puertas que jam\u00e1s imaginaron: <\/p>\n\n\n\n<blockquote class=\"wp-block-quote is-layout-flow wp-block-quote-is-layout-flow\">\n<p class=\"wp-block-paragraph\">\u201c<strong>Hemos salido en noticieros donde el metal no tiene cabida.<\/strong> Esto no va solo de m\u00fasica, sino de conexi\u00f3n con la gente\u201d. <\/p>\n<\/blockquote>\n\n\n\n<p class=\"wp-block-paragraph\">De hecho, recientemente firmaron con Sony, un paso importante para una banda del g\u00e9nero en M\u00e9xico.<\/p>\n\n\n\n<p class=\"wp-block-paragraph\">Los integrantes compartieron que los tr\u00e1mites con el sistema penitenciario no fueron sencillos. <\/p>\n\n\n\n<blockquote class=\"wp-block-quote is-layout-flow wp-block-quote-is-layout-flow\">\n<p class=\"wp-block-paragraph\"><strong>\u201cGracias a que alguien en la oficina nos hab\u00eda visto en un festival, se abri\u00f3 la oportunidad. Al principio nos ofrecieron 13 c\u00e1rceles, pero hicimos cinco\u201d<\/strong>.<\/p>\n<\/blockquote>\n\n\n\n<p class=\"wp-block-paragraph\">Tambi\u00e9n hablaron del impacto que tuvo <em>Sin Barreras<\/em> entre los internos: <\/p>\n\n\n\n<blockquote class=\"wp-block-quote is-layout-flow wp-block-quote-is-layout-flow\">\n<p class=\"wp-block-paragraph\">\u201c<strong>Muchos nos escribieron tras recuperar su libertad<\/strong>, nos dieron las gracias por ese rato de distracci\u00f3n y esperanza\u201d,<\/p>\n<cite> contaron.<\/cite><\/blockquote>\n\n\n\n<p class=\"wp-block-paragraph\"> Y a\u00f1adieron que est\u00e1n en pl\u00e1ticas para regresar a mostrar el documental en las mismas c\u00e1rceles.<\/p>\n\n\n\n<p class=\"wp-block-paragraph\"><strong>El arte como impulso de vida<\/strong><\/p>\n\n\n\n<p class=\"wp-block-paragraph\">Uno de los momentos m\u00e1s conmovedores fue cuando compartieron sus vivencias personales tras las visitas: <\/p>\n\n\n\n<p class=\"wp-block-paragraph\">.<\/p>\n<\/div>\n\n\n\n<div class=\"wp-block-column is-layout-flow wp-block-column-is-layout-flow\">\n<blockquote class=\"wp-block-quote is-layout-flow wp-block-quote-is-layout-flow\">\n<p class=\"wp-block-paragraph\">\u201c<strong>Sal\u00ed, me sent\u00e9 en el coche y el silencio me rompi\u00f3<\/strong>, valor\u00e9 cosas tan simples como estar solo. Sent\u00ed una tristeza rara, como si algo se me hubiera quedado all\u00e1\u201d.<\/p>\n<\/blockquote>\n\n\n\n<p class=\"wp-block-paragraph\">Las mujeres en Santa Marta tambi\u00e9n dejaron huella: <\/p>\n\n\n\n<blockquote class=\"wp-block-quote is-layout-flow wp-block-quote-is-layout-flow\">\n<p class=\"wp-block-paragraph\">\u201cNos dijeron que ser\u00edan fr\u00edas&#8230; y acabaron haciendo mosh pit. <strong>Ver eso fue de lo m\u00e1s fuerte<\/strong>, <strong>un reo que llevaba seis a\u00f1os sin tocar bater\u00eda pudo hacerlo gracias a \u00e9l<\/strong>: \u201cLe di unas baquetas y fue muy fuerte verlo emocionado\u201d.<\/p>\n<\/blockquote>\n\n\n\n<p class=\"wp-block-paragraph\">Finalmente, sobre el futuro de S7N, la banda adelant\u00f3 que viene m\u00fasica nueva y m\u00e1s trabajo con Sony. <\/p>\n\n\n\n<blockquote class=\"wp-block-quote is-layout-flow wp-block-quote-is-layout-flow\">\n<p class=\"wp-block-paragraph\">\u201c<strong>Este documental nos puso en otra liga<\/strong>, y si sirve para abrir m\u00e1s espacios al metal, vali\u00f3 cada segundo dentro de esos muros\u201d<\/p>\n\n\n\n<p class=\"wp-block-paragraph\">Este documental se entrelaza con la historia de <strong>Fabi\u00e1n<\/strong>, exbaterista de la banda, quien por un <strong>desafortunado percance<\/strong> fue privado de su libertad. Su experiencia fue <strong>la chispa que inspir\u00f3 a S7N<\/strong> a emprender esta gira por distintos reclusorios del pa\u00eds, dando origen a <em>Sin Barreras<\/em>.<\/p>\n\n\n\n<figure class=\"wp-block-embed is-type-video is-provider-youtube wp-block-embed-youtube wp-embed-aspect-16-9 wp-has-aspect-ratio\"><div class=\"wp-block-embed__wrapper\">\n<iframe loading=\"lazy\" title=\"NO BARRIERS OFFICIAL TRAILER - S7N  ENGLISH SUBTITLES\" width=\"800\" height=\"450\" src=\"https:\/\/www.youtube.com\/embed\/1WXpsDPvgHs?feature=oembed\" frameborder=\"0\" allow=\"accelerometer; autoplay; clipboard-write; encrypted-media; gyroscope; picture-in-picture; web-share\" referrerpolicy=\"strict-origin-when-cross-origin\" allowfullscreen><\/iframe>\n<\/div><\/figure>\n\n\n\n<p class=\"wp-block-paragraph\">El pr\u00f3ximo <strong>28 de junio en Francia<\/strong> se llevar\u00e1 a cabo la premiaci\u00f3n de lo m\u00e1s destacado del a\u00f1o 2025 en el <strong>World Film Festival de Cannes<\/strong>, donde este proyecto representa a M\u00e9xico. Cabe recordar que el documental <strong>ya fue reconocido previamente<\/strong> en la edici\u00f3n mensual de <strong>agosto de 2024<\/strong>, obteniendo tres galardones:<br><strong>Mejor \u00f3pera prima<\/strong>, <strong>mejor edici\u00f3n<\/strong> y <strong>mejor historia real<\/strong>.<\/p>\n\n\n\n<p class=\"wp-block-paragraph\">Este filme <strong>a\u00fan no se encuentra disponible en ninguna plataforma de streaming<\/strong>. Durante la conferencia, comentaron que <strong>est\u00e1n analizando cu\u00e1l ser\u00e1 el mejor lugar para distribuirlo<\/strong>, aunque confesaron que <strong>su sue\u00f1o es proyectarlo en una pantalla grande<\/strong>, tal como fue concebido: <strong>para ser visto, escuchado y sentido en colectivo<\/strong>.<\/p>\n<\/blockquote>\n<\/div>\n<\/div>\n","protected":false},"excerpt":{"rendered":"<p>La banda mexicana S7N present\u00f3 su documental Sin Barreras, grabado en cinco c\u00e1rceles del pa\u00eds y nominado en World Film Festival de Cannes 2025. Relataron su experiencia emocional y c\u00f3mo la m\u00fasica puede transformar vidas, incluso tras los barrotes.<\/p>\n","protected":false},"author":2,"featured_media":1447,"comment_status":"open","ping_status":"open","sticky":false,"template":"","format":"standard","meta":{"_jetpack_newsletter_access":"","_jetpack_dont_email_post_to_subs":false,"_jetpack_newsletter_tier_id":0,"_jetpack_memberships_contains_paywalled_content":false,"_jetpack_feature_clip_id":0,"_jetpack_memberships_contains_paid_content":false,"footnotes":"","jetpack_publicize_message":"","jetpack_publicize_feature_enabled":true,"jetpack_social_post_already_shared":true,"jetpack_social_options":{"image_generator_settings":{"template":"highway","default_image_id":0,"font":"","enabled":false},"version":2},"jetpack_post_was_ever_published":false},"categories":[5,12],"tags":[1562,691,1553,1556,1564,1561,1550,1559,1558,1568,1560,1557,1570,1563,572,1567,1555,1566,1569,1565,1552,1361,568,1551,886,1554],"class_list":["post-1446","post","type-post","status-publish","format-standard","has-post-thumbnail","hentry","category-cine","category-musica","tag-arte-y-reinsercion","tag-bandas-mexicanas","tag-cannes-2025","tag-cine-independiente","tag-cine-y-musica","tag-documental-en-prision","tag-documental-mexicano","tag-fabian-exbaterista","tag-gonzalo-figueroa","tag-historia-real","tag-innocent-kid","tag-luisa-melo","tag-mejor-edicion","tag-metal-en-mexico","tag-metal-mexicano","tag-metal-social","tag-musica-en-carceles","tag-nominacion-internacional","tag-opera-prima","tag-proyeccion-en-cines","tag-reclusorios","tag-rock-nacional","tag-s7n","tag-sin-barreras","tag-sony-music","tag-world-film-festival"],"yoast_head":"<!-- This site is optimized with the Yoast SEO plugin v28.3 - https:\/\/yoast.com\/product\/yoast-seo-wordpress\/ -->\n<title>Sin Barreras, el documental que llev\u00f3 a S7N del penal al cine mundial. - La Caminera con Chelico.<\/title>\n<meta name=\"description\" content=\"La banda mexicana S7N present\u00f3 su documental Sin Barreras, grabado en cinco c\u00e1rceles del pa\u00eds y nominado en World Film Festival de Cannes 2025. Relataron su experiencia emocional y c\u00f3mo la m\u00fasica puede transformar vidas, incluso tras los barrotes.\" \/>\n<meta name=\"robots\" content=\"index, follow, max-snippet:-1, max-image-preview:large, max-video-preview:-1\" \/>\n<link rel=\"canonical\" href=\"https:\/\/lacamineraconchelico.com\/?p=1446\" \/>\n<meta property=\"og:locale\" content=\"es_ES\" \/>\n<meta property=\"og:type\" content=\"article\" \/>\n<meta property=\"og:title\" content=\"Sin Barreras, el documental que llev\u00f3 a S7N del penal al cine mundial.\" \/>\n<meta property=\"og:description\" content=\"La banda mexicana S7N present\u00f3 su documental Sin Barreras, grabado en cinco c\u00e1rceles del pa\u00eds y nominado en World Film Festival de Cannes 2025. Relataron su experiencia emocional y c\u00f3mo la m\u00fasica puede transformar vidas, incluso tras los barrotes.\" \/>\n<meta property=\"og:url\" content=\"https:\/\/lacamineraconchelico.com\/?p=1446\" \/>\n<meta property=\"og:site_name\" content=\"La Caminera con Chelico.\" \/>\n<meta property=\"article:publisher\" content=\"https:\/\/www.facebook.com\/HdezChelico\" \/>\n<meta property=\"article:published_time\" content=\"2025-06-25T02:40:48+00:00\" \/>\n<meta property=\"article:modified_time\" content=\"2025-06-25T02:40:50+00:00\" \/>\n<meta property=\"og:image\" content=\"https:\/\/lacamineraconchelico.com\/wp-content\/uploads\/2025\/06\/Imagen-de-WhatsApp-2025-06-24-a-las-20.09.36_a616ea59-scaled.jpg\" \/>\n\t<meta property=\"og:image:width\" content=\"2560\" \/>\n\t<meta property=\"og:image:height\" content=\"1920\" \/>\n\t<meta property=\"og:image:type\" content=\"image\/jpeg\" \/>\n<meta name=\"author\" content=\"Francisco Balderas Ruiz\" \/>\n<meta name=\"twitter:card\" content=\"summary_large_image\" \/>\n<meta name=\"twitter:title\" content=\"Sin Barreras, el documental que llev\u00f3 a S7N del penal al cine mundial.\" \/>\n<meta name=\"twitter:description\" content=\"La banda mexicana S7N present\u00f3 su documental Sin Barreras, grabado en cinco c\u00e1rceles del pa\u00eds y nominado en World Film Festival de Cannes 2025. Relataron su experiencia emocional y c\u00f3mo la m\u00fasica puede transformar vidas, incluso tras los barrotes.\" \/>\n<meta name=\"twitter:image\" content=\"https:\/\/lacamineraconchelico.com\/wp-content\/uploads\/2025\/06\/Imagen-de-WhatsApp-2025-06-24-a-las-20.09.36_a616ea59-scaled.jpg\" \/>\n<meta name=\"twitter:creator\" content=\"@LCChelico\" \/>\n<meta name=\"twitter:site\" content=\"@LCChelico\" \/>\n<meta name=\"twitter:label1\" content=\"Escrito por\" \/>\n\t<meta name=\"twitter:data1\" content=\"Francisco Balderas Ruiz\" \/>\n\t<meta name=\"twitter:label2\" content=\"Tiempo de lectura\" \/>\n\t<meta name=\"twitter:data2\" content=\"2 minutos\" \/>\n<script type=\"application\/ld+json\" class=\"yoast-schema-graph\">{\"@context\":\"https:\\\/\\\/schema.org\",\"@graph\":[{\"@type\":\"Article\",\"@id\":\"https:\\\/\\\/lacamineraconchelico.com\\\/?p=1446#article\",\"isPartOf\":{\"@id\":\"https:\\\/\\\/lacamineraconchelico.com\\\/?p=1446\"},\"author\":{\"name\":\"Francisco Balderas Ruiz\",\"@id\":\"https:\\\/\\\/lacamineraconchelico.com\\\/#\\\/schema\\\/person\\\/59315f8da35d926e7897ef015c007952\"},\"headline\":\"Sin Barreras, el documental que llev\u00f3 a S7N del penal al cine mundial.\",\"datePublished\":\"2025-06-25T02:40:48+00:00\",\"dateModified\":\"2025-06-25T02:40:50+00:00\",\"mainEntityOfPage\":{\"@id\":\"https:\\\/\\\/lacamineraconchelico.com\\\/?p=1446\"},\"wordCount\":696,\"commentCount\":0,\"publisher\":{\"@id\":\"https:\\\/\\\/lacamineraconchelico.com\\\/#organization\"},\"image\":{\"@id\":\"https:\\\/\\\/lacamineraconchelico.com\\\/?p=1446#primaryimage\"},\"thumbnailUrl\":\"https:\\\/\\\/lacamineraconchelico.com\\\/wp-content\\\/uploads\\\/2025\\\/06\\\/Imagen-de-WhatsApp-2025-06-24-a-las-20.09.36_a616ea59-scaled.jpg\",\"keywords\":[\"arte y reinserci\u00f3n\",\"Bandas mexicanas\",\"Cannes 2025\",\"cine independiente\",\"cine y m\u00fasica\",\"documental en prisi\u00f3n\",\"documental mexicano\",\"Fabi\u00e1n exbaterista\",\"Gonzalo Figueroa\",\"historia real\",\"Innocent Kid\",\"Luisa Melo\",\"mejor edici\u00f3n\",\"metal en M\u00e9xico\",\"Metal mexicano\",\"metal social\",\"m\u00fasica en c\u00e1rceles\",\"nominaci\u00f3n internacional\",\"\u00f3pera prima\",\"proyecci\u00f3n en cines\",\"reclusorios\",\"rock nacional\",\"S7N\",\"Sin Barreras\",\"Sony Music\",\"World Film Festival\"],\"articleSection\":[\"Cine\",\"M\u00fasica\"],\"inLanguage\":\"es\",\"potentialAction\":[{\"@type\":\"CommentAction\",\"name\":\"Comment\",\"target\":[\"https:\\\/\\\/lacamineraconchelico.com\\\/?p=1446#respond\"]}]},{\"@type\":\"WebPage\",\"@id\":\"https:\\\/\\\/lacamineraconchelico.com\\\/?p=1446\",\"url\":\"https:\\\/\\\/lacamineraconchelico.com\\\/?p=1446\",\"name\":\"Sin Barreras, el documental que llev\u00f3 a S7N del penal al cine mundial. - La Caminera con Chelico.\",\"isPartOf\":{\"@id\":\"https:\\\/\\\/lacamineraconchelico.com\\\/#website\"},\"primaryImageOfPage\":{\"@id\":\"https:\\\/\\\/lacamineraconchelico.com\\\/?p=1446#primaryimage\"},\"image\":{\"@id\":\"https:\\\/\\\/lacamineraconchelico.com\\\/?p=1446#primaryimage\"},\"thumbnailUrl\":\"https:\\\/\\\/lacamineraconchelico.com\\\/wp-content\\\/uploads\\\/2025\\\/06\\\/Imagen-de-WhatsApp-2025-06-24-a-las-20.09.36_a616ea59-scaled.jpg\",\"datePublished\":\"2025-06-25T02:40:48+00:00\",\"dateModified\":\"2025-06-25T02:40:50+00:00\",\"description\":\"La banda mexicana S7N present\u00f3 su documental Sin Barreras, grabado en cinco c\u00e1rceles del pa\u00eds y nominado en World Film Festival de Cannes 2025. Relataron su experiencia emocional y c\u00f3mo la m\u00fasica puede transformar vidas, incluso tras los barrotes.\",\"breadcrumb\":{\"@id\":\"https:\\\/\\\/lacamineraconchelico.com\\\/?p=1446#breadcrumb\"},\"inLanguage\":\"es\",\"potentialAction\":[{\"@type\":\"ReadAction\",\"target\":[\"https:\\\/\\\/lacamineraconchelico.com\\\/?p=1446\"]}]},{\"@type\":\"ImageObject\",\"inLanguage\":\"es\",\"@id\":\"https:\\\/\\\/lacamineraconchelico.com\\\/?p=1446#primaryimage\",\"url\":\"https:\\\/\\\/lacamineraconchelico.com\\\/wp-content\\\/uploads\\\/2025\\\/06\\\/Imagen-de-WhatsApp-2025-06-24-a-las-20.09.36_a616ea59-scaled.jpg\",\"contentUrl\":\"https:\\\/\\\/lacamineraconchelico.com\\\/wp-content\\\/uploads\\\/2025\\\/06\\\/Imagen-de-WhatsApp-2025-06-24-a-las-20.09.36_a616ea59-scaled.jpg\",\"width\":2560,\"height\":1920},{\"@type\":\"BreadcrumbList\",\"@id\":\"https:\\\/\\\/lacamineraconchelico.com\\\/?p=1446#breadcrumb\",\"itemListElement\":[{\"@type\":\"ListItem\",\"position\":1,\"name\":\"Portada\",\"item\":\"https:\\\/\\\/lacamineraconchelico.com\\\/\"},{\"@type\":\"ListItem\",\"position\":2,\"name\":\"Sin Barreras, el documental que llev\u00f3 a S7N del penal al cine mundial.\"}]},{\"@type\":\"WebSite\",\"@id\":\"https:\\\/\\\/lacamineraconchelico.com\\\/#website\",\"url\":\"https:\\\/\\\/lacamineraconchelico.com\\\/\",\"name\":\"La Caminera con Chelico\",\"description\":\"La Caminera con Chelico: un recorrido por la m\u00fasica, las historias del rock y de cultura. Noticias, entrevistas y an\u00e9cdotas con fuerte ol\u00f3r a periodismo.\",\"publisher\":{\"@id\":\"https:\\\/\\\/lacamineraconchelico.com\\\/#organization\"},\"alternateName\":\"La Caminera\",\"potentialAction\":[{\"@type\":\"SearchAction\",\"target\":{\"@type\":\"EntryPoint\",\"urlTemplate\":\"https:\\\/\\\/lacamineraconchelico.com\\\/?s={search_term_string}\"},\"query-input\":{\"@type\":\"PropertyValueSpecification\",\"valueRequired\":true,\"valueName\":\"search_term_string\"}}],\"inLanguage\":\"es\"},{\"@type\":\"Organization\",\"@id\":\"https:\\\/\\\/lacamineraconchelico.com\\\/#organization\",\"name\":\"La Caminera con Chelico.\",\"url\":\"https:\\\/\\\/lacamineraconchelico.com\\\/\",\"logo\":{\"@type\":\"ImageObject\",\"inLanguage\":\"es\",\"@id\":\"https:\\\/\\\/lacamineraconchelico.com\\\/#\\\/schema\\\/logo\\\/image\\\/\",\"url\":\"https:\\\/\\\/lacamineraconchelico.com\\\/wp-content\\\/uploads\\\/2025\\\/01\\\/cropped-227131276_205648751570048_7986119258470169404_n-removebg-preview.png\",\"contentUrl\":\"https:\\\/\\\/lacamineraconchelico.com\\\/wp-content\\\/uploads\\\/2025\\\/01\\\/cropped-227131276_205648751570048_7986119258470169404_n-removebg-preview.png\",\"width\":500,\"height\":294,\"caption\":\"La Caminera con Chelico.\"},\"image\":{\"@id\":\"https:\\\/\\\/lacamineraconchelico.com\\\/#\\\/schema\\\/logo\\\/image\\\/\"},\"sameAs\":[\"https:\\\/\\\/www.facebook.com\\\/HdezChelico\",\"https:\\\/\\\/x.com\\\/LCChelico\",\"https:\\\/\\\/www.instagram.com\\\/lacaminera.conchelico\\\/\",\"https:\\\/\\\/www.threads.net\\\/@lacaminera.conchelico?xmt=AQGzcgza-VAQQFPzcHkxLfAX0hYPyIsv5pRUYeRj1k1yhqw\",\"https:\\\/\\\/www.tiktok.com\\\/@lacamineraconchelico\",\"https:\\\/\\\/www.youtube.com\\\/@lacamineraconchelico\"]},{\"@type\":\"Person\",\"@id\":\"https:\\\/\\\/lacamineraconchelico.com\\\/#\\\/schema\\\/person\\\/59315f8da35d926e7897ef015c007952\",\"name\":\"Francisco Balderas Ruiz\",\"image\":{\"@type\":\"ImageObject\",\"inLanguage\":\"es\",\"@id\":\"https:\\\/\\\/secure.gravatar.com\\\/avatar\\\/51d0fa920f53bdffdfe6f9742086373704971e366f2616cec72351175a0c6d25?s=96&d=mm&r=g\",\"url\":\"https:\\\/\\\/secure.gravatar.com\\\/avatar\\\/51d0fa920f53bdffdfe6f9742086373704971e366f2616cec72351175a0c6d25?s=96&d=mm&r=g\",\"contentUrl\":\"https:\\\/\\\/secure.gravatar.com\\\/avatar\\\/51d0fa920f53bdffdfe6f9742086373704971e366f2616cec72351175a0c6d25?s=96&d=mm&r=g\",\"caption\":\"Francisco Balderas Ruiz\"},\"url\":\"https:\\\/\\\/lacamineraconchelico.com\\\/?author=2\"}]}<\/script>\n<!-- \/ Yoast SEO plugin. -->","yoast_head_json":{"title":"Sin Barreras, el documental que llev\u00f3 a S7N del penal al cine mundial. - La Caminera con Chelico.","description":"La banda mexicana S7N present\u00f3 su documental Sin Barreras, grabado en cinco c\u00e1rceles del pa\u00eds y nominado en World Film Festival de Cannes 2025. Relataron su experiencia emocional y c\u00f3mo la m\u00fasica puede transformar vidas, incluso tras los barrotes.","robots":{"index":"index","follow":"follow","max-snippet":"max-snippet:-1","max-image-preview":"max-image-preview:large","max-video-preview":"max-video-preview:-1"},"canonical":"https:\/\/lacamineraconchelico.com\/?p=1446","og_locale":"es_ES","og_type":"article","og_title":"Sin Barreras, el documental que llev\u00f3 a S7N del penal al cine mundial.","og_description":"La banda mexicana S7N present\u00f3 su documental Sin Barreras, grabado en cinco c\u00e1rceles del pa\u00eds y nominado en World Film Festival de Cannes 2025. Relataron su experiencia emocional y c\u00f3mo la m\u00fasica puede transformar vidas, incluso tras los barrotes.","og_url":"https:\/\/lacamineraconchelico.com\/?p=1446","og_site_name":"La Caminera con Chelico.","article_publisher":"https:\/\/www.facebook.com\/HdezChelico","article_published_time":"2025-06-25T02:40:48+00:00","article_modified_time":"2025-06-25T02:40:50+00:00","og_image":[{"width":2560,"height":1920,"url":"https:\/\/lacamineraconchelico.com\/wp-content\/uploads\/2025\/06\/Imagen-de-WhatsApp-2025-06-24-a-las-20.09.36_a616ea59-scaled.jpg","type":"image\/jpeg"}],"author":"Francisco Balderas Ruiz","twitter_card":"summary_large_image","twitter_title":"Sin Barreras, el documental que llev\u00f3 a S7N del penal al cine mundial.","twitter_description":"La banda mexicana S7N present\u00f3 su documental Sin Barreras, grabado en cinco c\u00e1rceles del pa\u00eds y nominado en World Film Festival de Cannes 2025. Relataron su experiencia emocional y c\u00f3mo la m\u00fasica puede transformar vidas, incluso tras los barrotes.","twitter_image":"https:\/\/lacamineraconchelico.com\/wp-content\/uploads\/2025\/06\/Imagen-de-WhatsApp-2025-06-24-a-las-20.09.36_a616ea59-scaled.jpg","twitter_creator":"@LCChelico","twitter_site":"@LCChelico","twitter_misc":{"Escrito por":"Francisco Balderas Ruiz","Tiempo de lectura":"2 minutos"},"schema":{"@context":"https:\/\/schema.org","@graph":[{"@type":"Article","@id":"https:\/\/lacamineraconchelico.com\/?p=1446#article","isPartOf":{"@id":"https:\/\/lacamineraconchelico.com\/?p=1446"},"author":{"name":"Francisco Balderas Ruiz","@id":"https:\/\/lacamineraconchelico.com\/#\/schema\/person\/59315f8da35d926e7897ef015c007952"},"headline":"Sin Barreras, el documental que llev\u00f3 a S7N del penal al cine mundial.","datePublished":"2025-06-25T02:40:48+00:00","dateModified":"2025-06-25T02:40:50+00:00","mainEntityOfPage":{"@id":"https:\/\/lacamineraconchelico.com\/?p=1446"},"wordCount":696,"commentCount":0,"publisher":{"@id":"https:\/\/lacamineraconchelico.com\/#organization"},"image":{"@id":"https:\/\/lacamineraconchelico.com\/?p=1446#primaryimage"},"thumbnailUrl":"https:\/\/lacamineraconchelico.com\/wp-content\/uploads\/2025\/06\/Imagen-de-WhatsApp-2025-06-24-a-las-20.09.36_a616ea59-scaled.jpg","keywords":["arte y reinserci\u00f3n","Bandas mexicanas","Cannes 2025","cine independiente","cine y m\u00fasica","documental en prisi\u00f3n","documental mexicano","Fabi\u00e1n exbaterista","Gonzalo Figueroa","historia real","Innocent Kid","Luisa Melo","mejor edici\u00f3n","metal en M\u00e9xico","Metal mexicano","metal social","m\u00fasica en c\u00e1rceles","nominaci\u00f3n internacional","\u00f3pera prima","proyecci\u00f3n en cines","reclusorios","rock nacional","S7N","Sin Barreras","Sony Music","World Film Festival"],"articleSection":["Cine","M\u00fasica"],"inLanguage":"es","potentialAction":[{"@type":"CommentAction","name":"Comment","target":["https:\/\/lacamineraconchelico.com\/?p=1446#respond"]}]},{"@type":"WebPage","@id":"https:\/\/lacamineraconchelico.com\/?p=1446","url":"https:\/\/lacamineraconchelico.com\/?p=1446","name":"Sin Barreras, el documental que llev\u00f3 a S7N del penal al cine mundial. - La Caminera con Chelico.","isPartOf":{"@id":"https:\/\/lacamineraconchelico.com\/#website"},"primaryImageOfPage":{"@id":"https:\/\/lacamineraconchelico.com\/?p=1446#primaryimage"},"image":{"@id":"https:\/\/lacamineraconchelico.com\/?p=1446#primaryimage"},"thumbnailUrl":"https:\/\/lacamineraconchelico.com\/wp-content\/uploads\/2025\/06\/Imagen-de-WhatsApp-2025-06-24-a-las-20.09.36_a616ea59-scaled.jpg","datePublished":"2025-06-25T02:40:48+00:00","dateModified":"2025-06-25T02:40:50+00:00","description":"La banda mexicana S7N present\u00f3 su documental Sin Barreras, grabado en cinco c\u00e1rceles del pa\u00eds y nominado en World Film Festival de Cannes 2025. Relataron su experiencia emocional y c\u00f3mo la m\u00fasica puede transformar vidas, incluso tras los barrotes.","breadcrumb":{"@id":"https:\/\/lacamineraconchelico.com\/?p=1446#breadcrumb"},"inLanguage":"es","potentialAction":[{"@type":"ReadAction","target":["https:\/\/lacamineraconchelico.com\/?p=1446"]}]},{"@type":"ImageObject","inLanguage":"es","@id":"https:\/\/lacamineraconchelico.com\/?p=1446#primaryimage","url":"https:\/\/lacamineraconchelico.com\/wp-content\/uploads\/2025\/06\/Imagen-de-WhatsApp-2025-06-24-a-las-20.09.36_a616ea59-scaled.jpg","contentUrl":"https:\/\/lacamineraconchelico.com\/wp-content\/uploads\/2025\/06\/Imagen-de-WhatsApp-2025-06-24-a-las-20.09.36_a616ea59-scaled.jpg","width":2560,"height":1920},{"@type":"BreadcrumbList","@id":"https:\/\/lacamineraconchelico.com\/?p=1446#breadcrumb","itemListElement":[{"@type":"ListItem","position":1,"name":"Portada","item":"https:\/\/lacamineraconchelico.com\/"},{"@type":"ListItem","position":2,"name":"Sin Barreras, el documental que llev\u00f3 a S7N del penal al cine mundial."}]},{"@type":"WebSite","@id":"https:\/\/lacamineraconchelico.com\/#website","url":"https:\/\/lacamineraconchelico.com\/","name":"La Caminera con Chelico","description":"La Caminera con Chelico: un recorrido por la m\u00fasica, las historias del rock y de cultura. Noticias, entrevistas y an\u00e9cdotas con fuerte ol\u00f3r a periodismo.","publisher":{"@id":"https:\/\/lacamineraconchelico.com\/#organization"},"alternateName":"La Caminera","potentialAction":[{"@type":"SearchAction","target":{"@type":"EntryPoint","urlTemplate":"https:\/\/lacamineraconchelico.com\/?s={search_term_string}"},"query-input":{"@type":"PropertyValueSpecification","valueRequired":true,"valueName":"search_term_string"}}],"inLanguage":"es"},{"@type":"Organization","@id":"https:\/\/lacamineraconchelico.com\/#organization","name":"La Caminera con Chelico.","url":"https:\/\/lacamineraconchelico.com\/","logo":{"@type":"ImageObject","inLanguage":"es","@id":"https:\/\/lacamineraconchelico.com\/#\/schema\/logo\/image\/","url":"https:\/\/lacamineraconchelico.com\/wp-content\/uploads\/2025\/01\/cropped-227131276_205648751570048_7986119258470169404_n-removebg-preview.png","contentUrl":"https:\/\/lacamineraconchelico.com\/wp-content\/uploads\/2025\/01\/cropped-227131276_205648751570048_7986119258470169404_n-removebg-preview.png","width":500,"height":294,"caption":"La Caminera con Chelico."},"image":{"@id":"https:\/\/lacamineraconchelico.com\/#\/schema\/logo\/image\/"},"sameAs":["https:\/\/www.facebook.com\/HdezChelico","https:\/\/x.com\/LCChelico","https:\/\/www.instagram.com\/lacaminera.conchelico\/","https:\/\/www.threads.net\/@lacaminera.conchelico?xmt=AQGzcgza-VAQQFPzcHkxLfAX0hYPyIsv5pRUYeRj1k1yhqw","https:\/\/www.tiktok.com\/@lacamineraconchelico","https:\/\/www.youtube.com\/@lacamineraconchelico"]},{"@type":"Person","@id":"https:\/\/lacamineraconchelico.com\/#\/schema\/person\/59315f8da35d926e7897ef015c007952","name":"Francisco Balderas Ruiz","image":{"@type":"ImageObject","inLanguage":"es","@id":"https:\/\/secure.gravatar.com\/avatar\/51d0fa920f53bdffdfe6f9742086373704971e366f2616cec72351175a0c6d25?s=96&d=mm&r=g","url":"https:\/\/secure.gravatar.com\/avatar\/51d0fa920f53bdffdfe6f9742086373704971e366f2616cec72351175a0c6d25?s=96&d=mm&r=g","contentUrl":"https:\/\/secure.gravatar.com\/avatar\/51d0fa920f53bdffdfe6f9742086373704971e366f2616cec72351175a0c6d25?s=96&d=mm&r=g","caption":"Francisco Balderas Ruiz"},"url":"https:\/\/lacamineraconchelico.com\/?author=2"}]}},"jetpack_publicize_connections":[],"jetpack_sharing_enabled":true,"jetpack_likes_enabled":true,"jetpack-related-posts":[{"id":559,"url":"https:\/\/lacamineraconchelico.com\/?p=559","url_meta":{"origin":1446,"position":0},"title":"S7N: 10 a\u00f1os de trayectoria y un documental que traciende barreras.","author":"Francisco Balderas Ruiz","date":"09\/01\/2025","format":false,"excerpt":"Descubre c\u00f3mo S7N celebra 10 a\u00f1os de trayectoria con un concierto \u00fanico en el Lunario del Auditorio Nacional, presentando su documental Sin barreras, filmado en cinco reclusorios, y compartiendo m\u00fasica in\u00e9dita en una experiencia que trasciende los l\u00edmites del metal.","rel":"","context":"En \u00abConcierto\u00bb","block_context":{"text":"Concierto","link":"https:\/\/lacamineraconchelico.com\/?cat=6"},"img":{"alt_text":"","src":"https:\/\/i0.wp.com\/lacamineraconchelico.com\/wp-content\/uploads\/2025\/01\/MG_3960.jpg?resize=350%2C200&ssl=1","width":350,"height":200,"srcset":"https:\/\/i0.wp.com\/lacamineraconchelico.com\/wp-content\/uploads\/2025\/01\/MG_3960.jpg?resize=350%2C200&ssl=1 1x, https:\/\/i0.wp.com\/lacamineraconchelico.com\/wp-content\/uploads\/2025\/01\/MG_3960.jpg?resize=525%2C300&ssl=1 1.5x, https:\/\/i0.wp.com\/lacamineraconchelico.com\/wp-content\/uploads\/2025\/01\/MG_3960.jpg?resize=700%2C400&ssl=1 2x, https:\/\/i0.wp.com\/lacamineraconchelico.com\/wp-content\/uploads\/2025\/01\/MG_3960.jpg?resize=1050%2C600&ssl=1 3x, https:\/\/i0.wp.com\/lacamineraconchelico.com\/wp-content\/uploads\/2025\/01\/MG_3960.jpg?resize=1400%2C800&ssl=1 4x"},"classes":[]},{"id":968,"url":"https:\/\/lacamineraconchelico.com\/?p=968","url_meta":{"origin":1446,"position":1},"title":"Homenaje a las Mujeres del Rock: Sirenas al Ataque.","author":"Francisco Balderas Ruiz","date":"25\/02\/2025","format":false,"excerpt":"El festival Tiempo de Mujeres presenta Sirenas al Ataque, un concierto homenaje a las pioneras del rock mexicano el 1 de marzo en el Monumento a la Revoluci\u00f3n. Figuras como Ang\u00e9lica Mar\u00eda, Rita Guerrero y Ela Laboriel ser\u00e1n reconocidas, junto con bandas emergentes. Conoce la cartelera completa.","rel":"","context":"En \u00abConcierto\u00bb","block_context":{"text":"Concierto","link":"https:\/\/lacamineraconchelico.com\/?cat=6"},"img":{"alt_text":"","src":"https:\/\/i0.wp.com\/lacamineraconchelico.com\/wp-content\/uploads\/2025\/02\/Imagen-de-WhatsApp-2025-02-25-a-las-10.35.25_864632f2.jpg?resize=350%2C200&ssl=1","width":350,"height":200,"srcset":"https:\/\/i0.wp.com\/lacamineraconchelico.com\/wp-content\/uploads\/2025\/02\/Imagen-de-WhatsApp-2025-02-25-a-las-10.35.25_864632f2.jpg?resize=350%2C200&ssl=1 1x, https:\/\/i0.wp.com\/lacamineraconchelico.com\/wp-content\/uploads\/2025\/02\/Imagen-de-WhatsApp-2025-02-25-a-las-10.35.25_864632f2.jpg?resize=525%2C300&ssl=1 1.5x, https:\/\/i0.wp.com\/lacamineraconchelico.com\/wp-content\/uploads\/2025\/02\/Imagen-de-WhatsApp-2025-02-25-a-las-10.35.25_864632f2.jpg?resize=700%2C400&ssl=1 2x, https:\/\/i0.wp.com\/lacamineraconchelico.com\/wp-content\/uploads\/2025\/02\/Imagen-de-WhatsApp-2025-02-25-a-las-10.35.25_864632f2.jpg?resize=1050%2C600&ssl=1 3x"},"classes":[]},{"id":1015,"url":"https:\/\/lacamineraconchelico.com\/?p=1015","url_meta":{"origin":1446,"position":2},"title":"Pressive cerrar\u00e1n la Carpa Intolerante del Vive Latino el s\u00e1bado 15 de marzo.","author":"Francisco Balderas Ruiz","date":"13\/03\/2025","format":false,"excerpt":"Pressive regresa al Vive Latino 2025 como la \u00fanica banda de metal mexicano en el cartel. Cerrar\u00e1n la Carpa Intolerante el 15 de marzo con invitados especiales y presentar\u00e1n su nuevo sencillo \"Paranoia\"","rel":"","context":"En \u00abM\u00fasica\u00bb","block_context":{"text":"M\u00fasica","link":"https:\/\/lacamineraconchelico.com\/?cat=12"},"img":{"alt_text":"","src":"https:\/\/i0.wp.com\/lacamineraconchelico.com\/wp-content\/uploads\/2025\/03\/unnamed-7.jpg?resize=350%2C200&ssl=1","width":350,"height":200,"srcset":"https:\/\/i0.wp.com\/lacamineraconchelico.com\/wp-content\/uploads\/2025\/03\/unnamed-7.jpg?resize=350%2C200&ssl=1 1x, https:\/\/i0.wp.com\/lacamineraconchelico.com\/wp-content\/uploads\/2025\/03\/unnamed-7.jpg?resize=525%2C300&ssl=1 1.5x, https:\/\/i0.wp.com\/lacamineraconchelico.com\/wp-content\/uploads\/2025\/03\/unnamed-7.jpg?resize=700%2C400&ssl=1 2x, https:\/\/i0.wp.com\/lacamineraconchelico.com\/wp-content\/uploads\/2025\/03\/unnamed-7.jpg?resize=1050%2C600&ssl=1 3x"},"classes":[]},{"id":1008,"url":"https:\/\/lacamineraconchelico.com\/?p=1008","url_meta":{"origin":1446,"position":3},"title":"Los Esquizitos en el Vive Latino: Un viaje sonoro desde 1994.","author":"Francisco Balderas Ruiz","date":"04\/03\/2025","format":false,"excerpt":"Los Esquizitos, banda pionera del Neo Surf mexicano, regresan al Vive Latino 2025 con una presentaci\u00f3n en la Carpa Intolerante el 16 de marzo de 20:50 a 21:50 hrs. Descubre su historia, legado y el impacto de su sonido en la escena independiente.","rel":"","context":"En \u00abVive Latino\u00bb","block_context":{"text":"Vive Latino","link":"https:\/\/lacamineraconchelico.com\/?cat=11"},"img":{"alt_text":"","src":"https:\/\/i0.wp.com\/lacamineraconchelico.com\/wp-content\/uploads\/2025\/03\/466917728_10161733280454834_5268850646343297203_n.jpg?resize=350%2C200&ssl=1","width":350,"height":200,"srcset":"https:\/\/i0.wp.com\/lacamineraconchelico.com\/wp-content\/uploads\/2025\/03\/466917728_10161733280454834_5268850646343297203_n.jpg?resize=350%2C200&ssl=1 1x, https:\/\/i0.wp.com\/lacamineraconchelico.com\/wp-content\/uploads\/2025\/03\/466917728_10161733280454834_5268850646343297203_n.jpg?resize=525%2C300&ssl=1 1.5x"},"classes":[]},{"id":788,"url":"https:\/\/lacamineraconchelico.com\/?p=788","url_meta":{"origin":1446,"position":4},"title":"Anxolotes presenta su nuevo sencillo Granito de arroz.","author":"Francisco Balderas Ruiz","date":"31\/01\/2025","format":false,"excerpt":"Anxolotes lanza su nuevo sencillo Granito de Arroz, una muestra de su propuesta Pop \u00d1ero que fusiona rock, ska, cumbia y m\u00e1s. Descubre los detalles de su videoclip y sus recientes presentaciones en festivales.","rel":"","context":"En \u00abM\u00fasica\u00bb","block_context":{"text":"M\u00fasica","link":"https:\/\/lacamineraconchelico.com\/?cat=12"},"img":{"alt_text":"","src":"https:\/\/i0.wp.com\/lacamineraconchelico.com\/wp-content\/uploads\/2025\/01\/ANXOLOTES-FOTO1.jpg?resize=350%2C200&ssl=1","width":350,"height":200,"srcset":"https:\/\/i0.wp.com\/lacamineraconchelico.com\/wp-content\/uploads\/2025\/01\/ANXOLOTES-FOTO1.jpg?resize=350%2C200&ssl=1 1x, https:\/\/i0.wp.com\/lacamineraconchelico.com\/wp-content\/uploads\/2025\/01\/ANXOLOTES-FOTO1.jpg?resize=525%2C300&ssl=1 1.5x, https:\/\/i0.wp.com\/lacamineraconchelico.com\/wp-content\/uploads\/2025\/01\/ANXOLOTES-FOTO1.jpg?resize=700%2C400&ssl=1 2x, https:\/\/i0.wp.com\/lacamineraconchelico.com\/wp-content\/uploads\/2025\/01\/ANXOLOTES-FOTO1.jpg?resize=1050%2C600&ssl=1 3x, https:\/\/i0.wp.com\/lacamineraconchelico.com\/wp-content\/uploads\/2025\/01\/ANXOLOTES-FOTO1.jpg?resize=1400%2C800&ssl=1 4x"},"classes":[]},{"id":260,"url":"https:\/\/lacamineraconchelico.com\/?p=260","url_meta":{"origin":1446,"position":5},"title":"Slot Machine: Trayectoria musical y participaci\u00f3n confirmada en el Vive Latino 2024","author":"Francisco Balderas Ruiz","date":"05\/01\/2025","format":false,"excerpt":"En 2013, fueron nominados al mejor acto del sudeste asi\u00e1tico en los MTV Europe Music Awards. Tambi\u00e9n participaron en el concierto ben\u00e9fico MTV EXIT LIVE IN MYANMAR, celebrado en la Plaza del Pueblo, Schwedagon, Yangon, ante 70,000 personas, para concientizar sobre la trata de personas.","rel":"","context":"En \u00abM\u00fasica\u00bb","block_context":{"text":"M\u00fasica","link":"https:\/\/lacamineraconchelico.com\/?cat=12"},"img":{"alt_text":"","src":"https:\/\/i0.wp.com\/lacamineraconchelico.com\/wp-content\/uploads\/2025\/01\/ab6761610000e5eb96aa39b10a6a069158f686dd.jpg?resize=350%2C200&ssl=1","width":350,"height":200,"srcset":"https:\/\/i0.wp.com\/lacamineraconchelico.com\/wp-content\/uploads\/2025\/01\/ab6761610000e5eb96aa39b10a6a069158f686dd.jpg?resize=350%2C200&ssl=1 1x, https:\/\/i0.wp.com\/lacamineraconchelico.com\/wp-content\/uploads\/2025\/01\/ab6761610000e5eb96aa39b10a6a069158f686dd.jpg?resize=525%2C300&ssl=1 1.5x"},"classes":[]}],"jetpack_featured_media_url":"https:\/\/lacamineraconchelico.com\/wp-content\/uploads\/2025\/06\/Imagen-de-WhatsApp-2025-06-24-a-las-20.09.36_a616ea59-scaled.jpg","_links":{"self":[{"href":"https:\/\/lacamineraconchelico.com\/index.php?rest_route=\/wp\/v2\/posts\/1446","targetHints":{"allow":["GET"]}}],"collection":[{"href":"https:\/\/lacamineraconchelico.com\/index.php?rest_route=\/wp\/v2\/posts"}],"about":[{"href":"https:\/\/lacamineraconchelico.com\/index.php?rest_route=\/wp\/v2\/types\/post"}],"author":[{"embeddable":true,"href":"https:\/\/lacamineraconchelico.com\/index.php?rest_route=\/wp\/v2\/users\/2"}],"replies":[{"embeddable":true,"href":"https:\/\/lacamineraconchelico.com\/index.php?rest_route=%2Fwp%2Fv2%2Fcomments&post=1446"}],"version-history":[{"count":1,"href":"https:\/\/lacamineraconchelico.com\/index.php?rest_route=\/wp\/v2\/posts\/1446\/revisions"}],"predecessor-version":[{"id":1448,"href":"https:\/\/lacamineraconchelico.com\/index.php?rest_route=\/wp\/v2\/posts\/1446\/revisions\/1448"}],"wp:featuredmedia":[{"embeddable":true,"href":"https:\/\/lacamineraconchelico.com\/index.php?rest_route=\/wp\/v2\/media\/1447"}],"wp:attachment":[{"href":"https:\/\/lacamineraconchelico.com\/index.php?rest_route=%2Fwp%2Fv2%2Fmedia&parent=1446"}],"wp:term":[{"taxonomy":"category","embeddable":true,"href":"https:\/\/lacamineraconchelico.com\/index.php?rest_route=%2Fwp%2Fv2%2Fcategories&post=1446"},{"taxonomy":"post_tag","embeddable":true,"href":"https:\/\/lacamineraconchelico.com\/index.php?rest_route=%2Fwp%2Fv2%2Ftags&post=1446"}],"curies":[{"name":"wp","href":"https:\/\/api.w.org\/{rel}","templated":true}]}}